{"id":445,"date":"2013-09-01T01:55:21","date_gmt":"2013-09-01T01:55:21","guid":{"rendered":"http:\/\/demo.studiopress.com\/genesis\/?p=13"},"modified":"2020-12-23T18:59:25","modified_gmt":"2020-12-23T18:59:25","slug":"decoracion-mesas-invitados","status":"publish","type":"post","link":"https:\/\/loveeventos.es\/?p=445","title":{"rendered":"Como decorar una mesa para tus invitados"},"content":{"rendered":"\n<figure class=\"wp-block-image size-large is-resized\"><img loading=\"lazy\" decoding=\"async\" src=\"https:\/\/loveeventos.es\/wp-content\/uploads\/2020\/06\/IMG_20200617_110627-1-768x1024.jpg\" alt=\"\" class=\"wp-image-928\" width=\"630\" height=\"854\"\/><\/figure>\n\n\n\n<p>Hay que tener en cuenta la importancia de la decoraci\u00f3n de una mesa de invitados, debemos cuidar hasta el m\u00e1s m\u00ednimo detalle. Eso quiere decir sin duda que nos preocupamos por ellos, y la primera impresi\u00f3n es la que cuenta.<\/p>\n\n\n\n<p>Debemos saber en qu\u00e9 estaci\u00f3n del a\u00f1o nos encontramos, qu\u00e9 momento y qu\u00e9 ocasi\u00f3n. No es lo mismo una mesa navide\u00f1a, que una mesa de verano, como tampoco lo es una mesa informal y una mesa m\u00e1s seria.<\/p>\n\n\n\n<p>As\u00ed pues, como tenemos el verano a la vuelta de la esquina, hoy vamos a hablar de una mesa de verano informal y una mesa de verano m\u00e1s seria.<\/p>\n\n\n\n<p class=\"has-text-color\" style=\"color:#eeb1ae\"><strong>Una mesa de verano m\u00e1s informal<\/strong>.<\/p>\n\n\n\n<p>\u00bfAire libre o interior?<\/p>\n\n\n\n<p>Si queremos sorprender a nuestros invitados podemos hacerlo con una tem\u00e1tica marinera; Debe respirar aire fresco, \u00bfNo estamos muy cansados de temas marineros en colores azules y rojos? \u00bfPor qu\u00e9 no nos decidimos por el color coral?<\/p>\n\n\n\n<p>Una buena manteler\u00eda de lino, algod\u00f3n, jacquard, (esta \u00faltima no necesita planchado y es m\u00e1s gruesa y resistente) pero es m\u00e1s ideal para las \u00e9pocas de oto\u00f1o e invierno&#8230;en el mercado hay gran variedad de tejidos.<\/p>\n\n\n\n<p>Si decides poner una manteler\u00eda colorida no pongas la vajilla con motivos florales, geom\u00e9trico, marinos&#8230;y si por el contrario te decides por una manteler\u00eda lisa, puedes dejar volar tu imaginaci\u00f3n con la vajilla. Ahora la tendencia es mezclar colores y formas.<\/p>\n\n\n\n<p>En funci\u00f3n de la manteler\u00eda coloc\u00e1remos la vajilla, no olvides poner debajo un mantel de tela tipo mulet\u00f3n, har\u00e1 que la manteler\u00eda quede m\u00e1s bonita, sin arrugas, adem\u00e1s cuidaras la mesa de posibles ara\u00f1azos y de manchas derramadas por la bebida.<\/p>\n\n\n\n<p>Antes de colocar tu vajilla, un bajo plato viste mucho m\u00e1s la mesa, no tiene que ser de la misma colecci\u00f3n, e incluso puede ser de otro material distinto, luego ya puedes colocar las dem\u00e1s piezas de la vajilla dependiendo del men\u00fa.<\/p>\n\n\n\n<p>Si la mesa es una pieza bonita y no quieres cubrirla toda, puedes usar unos caminos o salvamanteles que dejen entre ver la mesa, los hay de todo tipo de tejidos, rafia, saco, para mesas m\u00e1s r\u00fasticas o campestres.<\/p>\n\n\n\n<figure class=\"wp-block-image size-large\"><img loading=\"lazy\" decoding=\"async\" width=\"768\" height=\"1024\" src=\"https:\/\/loveeventos.es\/wp-content\/uploads\/2020\/06\/IMG_20200628_131758-foto-mesa-lavanda-768x1024.jpg\" alt=\"\" class=\"wp-image-1061\" srcset=\"https:\/\/loveeventos.es\/wp-content\/uploads\/2020\/06\/IMG_20200628_131758-foto-mesa-lavanda-768x1024.jpg 768w, https:\/\/loveeventos.es\/wp-content\/uploads\/2020\/06\/IMG_20200628_131758-foto-mesa-lavanda-225x300.jpg 225w, https:\/\/loveeventos.es\/wp-content\/uploads\/2020\/06\/IMG_20200628_131758-foto-mesa-lavanda-1152x1536.jpg 1152w, https:\/\/loveeventos.es\/wp-content\/uploads\/2020\/06\/IMG_20200628_131758-foto-mesa-lavanda-1536x2048.jpg 1536w, https:\/\/loveeventos.es\/wp-content\/uploads\/2020\/06\/IMG_20200628_131758-foto-mesa-lavanda-scaled.jpg 1920w\" sizes=\"auto, (max-width: 768px) 100vw, 768px\" \/><\/figure>\n\n\n\n<p>La cristaler\u00eda tambi\u00e9n es importante y su colocaci\u00f3n debe ser al lado derecho, est\u00e1 en tendencia distintas formas y colores, \u00a1genial! porque es dif\u00edcil mantener una cristaler\u00eda completa, es f\u00e1cil que con el paso del tiempo se vayan rompiendo as\u00ed que no tengamos miedo de combinar modelos y estilos.<\/p>\n\n\n\n<p>Si os fij\u00e1is es la misma vajilla pero distinta decoraci\u00f3n y en cambio la mesa parece diferente.<\/p>\n\n\n\n<p class=\"has-text-color\" style=\"color:#eeb1ae\"><strong>Una mesa de verano m\u00e1s formal<\/strong>.<\/p>\n\n\n\n<p>Debemos tener en cuenta quienes son nuestros invitados y hacer unas invitaciones personalizadas. Hay que enviarlas como m\u00ednimo una semana antes del evento.<\/p>\n\n\n\n<p>A la hora de recibirlos si entre ellos no se conocen podemos tomar un c\u00f3ctel de bienvenida y hacer las presentaciones pertinentes, una m\u00fasica de fondo suave har\u00e1 que nos sintamos m\u00e1s c\u00f3modos y relajados. <\/p>\n\n\n\n<p>Un sitting con el nombre de cada comensal, es imprescindible y la colocaci\u00f3n tambi\u00e9n lo es, (en otro post hablaremos del protocolo) queda fatal no saber donde sentarse y empezar a titubear, debe estar a la vista, as\u00ed en una mirada iremos directos a nuestro sitio.<\/p>\n\n\n\n<p>Una manteler\u00eda lisa de lino o de organza es ideal para esta ocasi\u00f3n ya sabes si es lisa juega con la vajilla y la cristaler\u00eda, d\u00e1ndole un toque de color.<\/p>\n\n\n\n<p>Cerca de la mesa presidencial no olvides colocar una mesa auxiliar, donde dejaremos parte de la vajilla que vamos a utilizar, cubiertos, bebidas&#8230;<\/p>\n\n\n\n<p>La importancia de las flores a la hora de vestir una mesa es fundamental, es como envolver un regalo con un papel bonito y no poner el lazo. \u00a1Que l\u00e1stima! \u00bfno? elige flores de temporada, hay gran variedad de ellas y puedes colocarlas en jarritos peque\u00f1os, en frascos a lo largo de toda la mesa, un bouquet central, tambi\u00e9n puedes poner alg\u00fan ramillete en cada plato dar un toque m\u00e1s personal.<\/p>\n\n\n\n<p>Cuidado con las velas, si es almuerzo no deber\u00edan aparecer, ahora si es tarde noche, no dejes de usarlas, en forma de candelabros, velitas en frascos, de mil maneras, ojo si son perfumadas, me chiflan, pero no en la mesa principal, pueden mezclarse el perfume con la comida y molestar durante la velada, si las puedes poner en mesas auxiliares o en el recibidor ser\u00e1 fant\u00e1stico.<\/p>\n\n\n\n<p>Recuerda que los olores evocan sensaciones, si no quieres que tus invitados se duerman durante la velada deber\u00e1s llevar cuidado. Los perfumes frescos como jazm\u00edn, azahar. La canela no entra dentro de los perfumes frescos, es m\u00e1s bien un perfume dulce, pero agradable para la velada.<\/p>\n\n\n\n<p>Espero haberos ayudado, ya me contar\u00e9is que tal el resultado, ya sab\u00e9is que me pod\u00e9is escribir, me encantar\u00eda saber vuestras opiniones.<\/p>\n\n\n\n<p>Nos vemos pronto. Saludos.<\/p>\n","protected":false},"excerpt":{"rendered":"<p>Hay que tener en cuenta la importancia de la decoraci\u00f3n de una mesa de invitados, debemos  cuidar hasta el m\u00ednimo detalle, eso quiere decir, sin duda que nos preocupamos por ellos y la primera impresi\u00f3n es la que cuenta.<\/p>\n","protected":false},"author":1,"featured_media":1069,"comment_status":"open","ping_status":"open","sticky":false,"template":"","format":"standard","meta":{"_genesis_hide_title":false,"_genesis_hide_breadcrumbs":false,"_genesis_hide_singular_image":false,"_genesis_hide_footer_widgets":false,"_genesis_custom_body_class":"","_genesis_custom_post_class":"","_genesis_layout":"","footnotes":""},"categories":[19],"tags":[],"class_list":{"0":"post-445","1":"post","2":"type-post","3":"status-publish","4":"format-standard","5":"has-post-thumbnail","7":"category-decoracion-mesas","8":"entry"},"_links":{"self":[{"href":"https:\/\/loveeventos.es\/index.php?rest_route=\/wp\/v2\/posts\/445","targetHints":{"allow":["GET"]}}],"collection":[{"href":"https:\/\/loveeventos.es\/index.php?rest_route=\/wp\/v2\/posts"}],"about":[{"href":"https:\/\/loveeventos.es\/index.php?rest_route=\/wp\/v2\/types\/post"}],"author":[{"embeddable":true,"href":"https:\/\/loveeventos.es\/index.php?rest_route=\/wp\/v2\/users\/1"}],"replies":[{"embeddable":true,"href":"https:\/\/loveeventos.es\/index.php?rest_route=%2Fwp%2Fv2%2Fcomments&post=445"}],"version-history":[{"count":29,"href":"https:\/\/loveeventos.es\/index.php?rest_route=\/wp\/v2\/posts\/445\/revisions"}],"predecessor-version":[{"id":1314,"href":"https:\/\/loveeventos.es\/index.php?rest_route=\/wp\/v2\/posts\/445\/revisions\/1314"}],"wp:featuredmedia":[{"embeddable":true,"href":"https:\/\/loveeventos.es\/index.php?rest_route=\/wp\/v2\/media\/1069"}],"wp:attachment":[{"href":"https:\/\/loveeventos.es\/index.php?rest_route=%2Fwp%2Fv2%2Fmedia&parent=445"}],"wp:term":[{"taxonomy":"category","embeddable":true,"href":"https:\/\/loveeventos.es\/index.php?rest_route=%2Fwp%2Fv2%2Fcategories&post=445"},{"taxonomy":"post_tag","embeddable":true,"href":"https:\/\/loveeventos.es\/index.php?rest_route=%2Fwp%2Fv2%2Ftags&post=445"}],"curies":[{"name":"wp","href":"https:\/\/api.w.org\/{rel}","templated":true}]}}